{"id":868,"date":"2018-04-06T13:35:41","date_gmt":"2018-04-06T11:35:41","guid":{"rendered":"http:\/\/www.joseph-wresinski.org\/it\/che-faremo-ora-noi-cittadini\/"},"modified":"2018-04-06T14:30:13","modified_gmt":"2018-04-06T12:30:13","slug":"che-faremo-ora-noi-cittadini","status":"publish","type":"post","link":"https:\/\/www.joseph-wresinski.org\/it\/che-faremo-ora-noi-cittadini\/","title":{"rendered":"Che faremo ora, noi cittadini?"},"content":{"rendered":"<h2>Parole conclusive di Padre Joseph Wresinski, 17 ottobre 1987.<\/h2>\n<p>\u201cOra, la notte \u00e8 finita. Siamo al mattino. \u00c8 finita questa notte in cui i bambini erano felici di andare a scuola. \u00c8 finita questa notte in cui i padri andavano dai sindacati e in cui i giovani imparavano un mestiere. Questa notte, Noi &#8211; cittadini, ministri, deputati, funzionari e tutti gli altri &#8211; avevamo fatto un patto di alleanza con i disoccupati, gli illetterati, gli indigenti e i senzatetto. Non un patto per una notte, ma un patto per l\u2019avvenire. Che faremo ora, noi cittadini? Che faremo, noi famiglie del Quarto Mondo, perch\u00e9 insieme, le nostre citt\u00e0, la nostra vita quotidiana siano finalmente degne dell\u2019umanit\u00e0 che abbiamo in noi, che noi portiamo? E voi, giovani, che siete ansiosi di giustizia, che siete ansiosi di verit\u00e0, che farete nelle vostre scuole, nelle vostre universit\u00e0, nei vostri centri? Sarete iniziatori di questa strada nuova in cui la giustizia avr\u00e0 la meglio sul profitto, sullo sfruttamento, la pace sulla guerra, in cui la giustizia e l\u2019amore saranno riconciliati? Bisogna vivere con l\u2019avvenire. L\u2019avvenire \u00e8 nelle vostre mani. Il mondo di domani sar\u00e0 il vostro.\u201d<\/p>\n<audio class=\"wp-audio-shortcode\" id=\"audio-868-1\" preload=\"none\" style=\"width: 100%;\" controls=\"controls\"><source type=\"audio\/mpeg\" src=\"http:\/\/www.joseph-wresinski.org\/it\/wp-content\/uploads\/sites\/16\/2007\/10\/Et-maintenant.mp3?_=1\" \/><a href=\"http:\/\/www.joseph-wresinski.org\/it\/wp-content\/uploads\/sites\/16\/2007\/10\/Et-maintenant.mp3\">http:\/\/www.joseph-wresinski.org\/it\/wp-content\/uploads\/sites\/16\/2007\/10\/Et-maintenant.mp3<\/a><\/audio>\n","protected":false},"excerpt":{"rendered":"<p>Parole conclusive di Padre Joseph Wresinski, 17 ottobre 1987. \u201cOra, la notte \u00e8 finita. Siamo al mattino. \u00c8 finita questa (&#8230;) <a class=\"more-link\" href=\"https:\/\/www.joseph-wresinski.org\/it\/che-faremo-ora-noi-cittadini\/\">Continua a leggere <span class=\"meta-nav\">&rarr;<\/span><\/a><\/p>\n","protected":false},"author":1,"featured_media":1182,"comment_status":"open","ping_status":"open","sticky":false,"template":"","format":"standard","meta":{"_acf_changed":false,"ep_exclude_from_search":false,"footnotes":""},"categories":[67,64],"tags":[],"class_list":["post-868","post","type-post","status-publish","format-standard","has-post-thumbnail","hentry","category-audio","category-citazioni"],"acf":[],"yoast_head":"<!-- This site is optimized with the Yoast SEO plugin v27.5 - https:\/\/yoast.com\/product\/yoast-seo-wordpress\/ -->\n<title>Che faremo ora, noi cittadini? - Joseph Wresinski IT<\/title>\n<meta name=\"robots\" content=\"index, follow, max-snippet:-1, max-image-preview:large, max-video-preview:-1\" \/>\n<link rel=\"canonical\" href=\"https:\/\/www.joseph-wresinski.org\/it\/che-faremo-ora-noi-cittadini\/\" \/>\n<meta property=\"og:locale\" content=\"it_IT\" \/>\n<meta property=\"og:type\" content=\"article\" \/>\n<meta property=\"og:title\" content=\"Che faremo ora, noi cittadini? - Joseph Wresinski IT\" \/>\n<meta property=\"og:description\" content=\"Parole conclusive di Padre Joseph Wresinski, 17 ottobre 1987. \u201cOra, la notte \u00e8 finita. Siamo al mattino. \u00c8 finita questa (...) Continua a leggere &rarr;\" \/>\n<meta property=\"og:url\" content=\"https:\/\/www.joseph-wresinski.org\/it\/che-faremo-ora-noi-cittadini\/\" \/>\n<meta property=\"og:site_name\" content=\"Joseph Wresinski IT\" \/>\n<meta property=\"article:published_time\" content=\"2018-04-06T11:35:41+00:00\" \/>\n<meta property=\"article:modified_time\" content=\"2018-04-06T12:30:13+00:00\" \/>\n<meta property=\"og:image\" content=\"https:\/\/www.joseph-wresinski.org\/it\/wp-content\/uploads\/sites\/16\/2007\/10\/Etre-traites-comme-des-jeunes-et-pas-comme-des-assistes-692x530-692x530.jpg\" \/>\n\t<meta property=\"og:image:width\" content=\"692\" \/>\n\t<meta property=\"og:image:height\" content=\"530\" \/>\n\t<meta property=\"og:image:type\" content=\"image\/jpeg\" \/>\n<meta name=\"author\" content=\"webmestre\" \/>\n<meta name=\"twitter:card\" content=\"summary_large_image\" \/>\n<meta name=\"twitter:label1\" content=\"Scritto da\" \/>\n\t<meta name=\"twitter:data1\" content=\"webmestre\" \/>\n\t<meta name=\"twitter:label2\" content=\"Tempo di lettura stimato\" \/>\n\t<meta name=\"twitter:data2\" content=\"1 minuto\" \/>\n<script type=\"application\/ld+json\" class=\"yoast-schema-graph\">{\"@context\":\"https:\\\/\\\/schema.org\",\"@graph\":[{\"@type\":\"Article\",\"@id\":\"https:\\\/\\\/www.joseph-wresinski.org\\\/it\\\/che-faremo-ora-noi-cittadini\\\/#article\",\"isPartOf\":{\"@id\":\"https:\\\/\\\/www.joseph-wresinski.org\\\/it\\\/che-faremo-ora-noi-cittadini\\\/\"},\"author\":{\"name\":\"webmestre\",\"@id\":\"https:\\\/\\\/www.joseph-wresinski.org\\\/it\\\/#\\\/schema\\\/person\\\/c666928d4be7b5b71419e1a78b02d04a\"},\"headline\":\"Che faremo ora, noi cittadini?\",\"datePublished\":\"2018-04-06T11:35:41+00:00\",\"dateModified\":\"2018-04-06T12:30:13+00:00\",\"mainEntityOfPage\":{\"@id\":\"https:\\\/\\\/www.joseph-wresinski.org\\\/it\\\/che-faremo-ora-noi-cittadini\\\/\"},\"wordCount\":208,\"commentCount\":0,\"image\":{\"@id\":\"https:\\\/\\\/www.joseph-wresinski.org\\\/it\\\/che-faremo-ora-noi-cittadini\\\/#primaryimage\"},\"thumbnailUrl\":\"https:\\\/\\\/www.joseph-wresinski.org\\\/it\\\/wp-content\\\/uploads\\\/sites\\\/16\\\/2007\\\/10\\\/Etre-traites-comme-des-jeunes-et-pas-comme-des-assistes-692x530-692x530.jpg\",\"articleSection\":[\"Audio\",\"Citazioni\"],\"inLanguage\":\"it-IT\",\"potentialAction\":[{\"@type\":\"CommentAction\",\"name\":\"Comment\",\"target\":[\"https:\\\/\\\/www.joseph-wresinski.org\\\/it\\\/che-faremo-ora-noi-cittadini\\\/#respond\"]}]},{\"@type\":\"WebPage\",\"@id\":\"https:\\\/\\\/www.joseph-wresinski.org\\\/it\\\/che-faremo-ora-noi-cittadini\\\/\",\"url\":\"https:\\\/\\\/www.joseph-wresinski.org\\\/it\\\/che-faremo-ora-noi-cittadini\\\/\",\"name\":\"Che faremo ora, noi cittadini? - Joseph Wresinski IT\",\"isPartOf\":{\"@id\":\"https:\\\/\\\/www.joseph-wresinski.org\\\/it\\\/#website\"},\"primaryImageOfPage\":{\"@id\":\"https:\\\/\\\/www.joseph-wresinski.org\\\/it\\\/che-faremo-ora-noi-cittadini\\\/#primaryimage\"},\"image\":{\"@id\":\"https:\\\/\\\/www.joseph-wresinski.org\\\/it\\\/che-faremo-ora-noi-cittadini\\\/#primaryimage\"},\"thumbnailUrl\":\"https:\\\/\\\/www.joseph-wresinski.org\\\/it\\\/wp-content\\\/uploads\\\/sites\\\/16\\\/2007\\\/10\\\/Etre-traites-comme-des-jeunes-et-pas-comme-des-assistes-692x530-692x530.jpg\",\"datePublished\":\"2018-04-06T11:35:41+00:00\",\"dateModified\":\"2018-04-06T12:30:13+00:00\",\"author\":{\"@id\":\"https:\\\/\\\/www.joseph-wresinski.org\\\/it\\\/#\\\/schema\\\/person\\\/c666928d4be7b5b71419e1a78b02d04a\"},\"breadcrumb\":{\"@id\":\"https:\\\/\\\/www.joseph-wresinski.org\\\/it\\\/che-faremo-ora-noi-cittadini\\\/#breadcrumb\"},\"inLanguage\":\"it-IT\",\"potentialAction\":[{\"@type\":\"ReadAction\",\"target\":[\"https:\\\/\\\/www.joseph-wresinski.org\\\/it\\\/che-faremo-ora-noi-cittadini\\\/\"]}]},{\"@type\":\"ImageObject\",\"inLanguage\":\"it-IT\",\"@id\":\"https:\\\/\\\/www.joseph-wresinski.org\\\/it\\\/che-faremo-ora-noi-cittadini\\\/#primaryimage\",\"url\":\"https:\\\/\\\/www.joseph-wresinski.org\\\/it\\\/wp-content\\\/uploads\\\/sites\\\/16\\\/2007\\\/10\\\/Etre-traites-comme-des-jeunes-et-pas-comme-des-assistes-692x530-692x530.jpg\",\"contentUrl\":\"https:\\\/\\\/www.joseph-wresinski.org\\\/it\\\/wp-content\\\/uploads\\\/sites\\\/16\\\/2007\\\/10\\\/Etre-traites-comme-des-jeunes-et-pas-comme-des-assistes-692x530-692x530.jpg\",\"width\":692,\"height\":530},{\"@type\":\"BreadcrumbList\",\"@id\":\"https:\\\/\\\/www.joseph-wresinski.org\\\/it\\\/che-faremo-ora-noi-cittadini\\\/#breadcrumb\",\"itemListElement\":[{\"@type\":\"ListItem\",\"position\":1,\"name\":\"Home\",\"item\":\"https:\\\/\\\/www.joseph-wresinski.org\\\/it\\\/\"},{\"@type\":\"ListItem\",\"position\":2,\"name\":\"Che faremo ora, noi cittadini?\"}]},{\"@type\":\"WebSite\",\"@id\":\"https:\\\/\\\/www.joseph-wresinski.org\\\/it\\\/#website\",\"url\":\"https:\\\/\\\/www.joseph-wresinski.org\\\/it\\\/\",\"name\":\"Joseph Wresinski IT\",\"description\":\"Un sito proposto dal centro joseph wresinski\",\"potentialAction\":[{\"@type\":\"SearchAction\",\"target\":{\"@type\":\"EntryPoint\",\"urlTemplate\":\"https:\\\/\\\/www.joseph-wresinski.org\\\/it\\\/?s={search_term_string}\"},\"query-input\":{\"@type\":\"PropertyValueSpecification\",\"valueRequired\":true,\"valueName\":\"search_term_string\"}}],\"inLanguage\":\"it-IT\"},{\"@type\":\"Person\",\"@id\":\"https:\\\/\\\/www.joseph-wresinski.org\\\/it\\\/#\\\/schema\\\/person\\\/c666928d4be7b5b71419e1a78b02d04a\",\"name\":\"webmestre\",\"image\":{\"@type\":\"ImageObject\",\"inLanguage\":\"it-IT\",\"@id\":\"https:\\\/\\\/secure.gravatar.com\\\/avatar\\\/416a097a3f95c03b93462266ddf7a1b5b815e837b340f6b881ae80c56b8c6d56?s=96&d=mm&r=g\",\"url\":\"https:\\\/\\\/secure.gravatar.com\\\/avatar\\\/416a097a3f95c03b93462266ddf7a1b5b815e837b340f6b881ae80c56b8c6d56?s=96&d=mm&r=g\",\"contentUrl\":\"https:\\\/\\\/secure.gravatar.com\\\/avatar\\\/416a097a3f95c03b93462266ddf7a1b5b815e837b340f6b881ae80c56b8c6d56?s=96&d=mm&r=g\",\"caption\":\"webmestre\"},\"url\":\"https:\\\/\\\/www.joseph-wresinski.org\\\/it\\\/author\\\/webmestre\\\/\"}]}<\/script>\n<!-- \/ Yoast SEO plugin. -->","yoast_head_json":{"title":"Che faremo ora, noi cittadini? - Joseph Wresinski IT","robots":{"index":"index","follow":"follow","max-snippet":"max-snippet:-1","max-image-preview":"max-image-preview:large","max-video-preview":"max-video-preview:-1"},"canonical":"https:\/\/www.joseph-wresinski.org\/it\/che-faremo-ora-noi-cittadini\/","og_locale":"it_IT","og_type":"article","og_title":"Che faremo ora, noi cittadini? - Joseph Wresinski IT","og_description":"Parole conclusive di Padre Joseph Wresinski, 17 ottobre 1987. \u201cOra, la notte \u00e8 finita. Siamo al mattino. \u00c8 finita questa (...) Continua a leggere &rarr;","og_url":"https:\/\/www.joseph-wresinski.org\/it\/che-faremo-ora-noi-cittadini\/","og_site_name":"Joseph Wresinski IT","article_published_time":"2018-04-06T11:35:41+00:00","article_modified_time":"2018-04-06T12:30:13+00:00","og_image":[{"width":692,"height":530,"url":"https:\/\/www.joseph-wresinski.org\/it\/wp-content\/uploads\/sites\/16\/2007\/10\/Etre-traites-comme-des-jeunes-et-pas-comme-des-assistes-692x530-692x530.jpg","type":"image\/jpeg"}],"author":"webmestre","twitter_card":"summary_large_image","twitter_misc":{"Scritto da":"webmestre","Tempo di lettura stimato":"1 minuto"},"schema":{"@context":"https:\/\/schema.org","@graph":[{"@type":"Article","@id":"https:\/\/www.joseph-wresinski.org\/it\/che-faremo-ora-noi-cittadini\/#article","isPartOf":{"@id":"https:\/\/www.joseph-wresinski.org\/it\/che-faremo-ora-noi-cittadini\/"},"author":{"name":"webmestre","@id":"https:\/\/www.joseph-wresinski.org\/it\/#\/schema\/person\/c666928d4be7b5b71419e1a78b02d04a"},"headline":"Che faremo ora, noi cittadini?","datePublished":"2018-04-06T11:35:41+00:00","dateModified":"2018-04-06T12:30:13+00:00","mainEntityOfPage":{"@id":"https:\/\/www.joseph-wresinski.org\/it\/che-faremo-ora-noi-cittadini\/"},"wordCount":208,"commentCount":0,"image":{"@id":"https:\/\/www.joseph-wresinski.org\/it\/che-faremo-ora-noi-cittadini\/#primaryimage"},"thumbnailUrl":"https:\/\/www.joseph-wresinski.org\/it\/wp-content\/uploads\/sites\/16\/2007\/10\/Etre-traites-comme-des-jeunes-et-pas-comme-des-assistes-692x530-692x530.jpg","articleSection":["Audio","Citazioni"],"inLanguage":"it-IT","potentialAction":[{"@type":"CommentAction","name":"Comment","target":["https:\/\/www.joseph-wresinski.org\/it\/che-faremo-ora-noi-cittadini\/#respond"]}]},{"@type":"WebPage","@id":"https:\/\/www.joseph-wresinski.org\/it\/che-faremo-ora-noi-cittadini\/","url":"https:\/\/www.joseph-wresinski.org\/it\/che-faremo-ora-noi-cittadini\/","name":"Che faremo ora, noi cittadini? - Joseph Wresinski IT","isPartOf":{"@id":"https:\/\/www.joseph-wresinski.org\/it\/#website"},"primaryImageOfPage":{"@id":"https:\/\/www.joseph-wresinski.org\/it\/che-faremo-ora-noi-cittadini\/#primaryimage"},"image":{"@id":"https:\/\/www.joseph-wresinski.org\/it\/che-faremo-ora-noi-cittadini\/#primaryimage"},"thumbnailUrl":"https:\/\/www.joseph-wresinski.org\/it\/wp-content\/uploads\/sites\/16\/2007\/10\/Etre-traites-comme-des-jeunes-et-pas-comme-des-assistes-692x530-692x530.jpg","datePublished":"2018-04-06T11:35:41+00:00","dateModified":"2018-04-06T12:30:13+00:00","author":{"@id":"https:\/\/www.joseph-wresinski.org\/it\/#\/schema\/person\/c666928d4be7b5b71419e1a78b02d04a"},"breadcrumb":{"@id":"https:\/\/www.joseph-wresinski.org\/it\/che-faremo-ora-noi-cittadini\/#breadcrumb"},"inLanguage":"it-IT","potentialAction":[{"@type":"ReadAction","target":["https:\/\/www.joseph-wresinski.org\/it\/che-faremo-ora-noi-cittadini\/"]}]},{"@type":"ImageObject","inLanguage":"it-IT","@id":"https:\/\/www.joseph-wresinski.org\/it\/che-faremo-ora-noi-cittadini\/#primaryimage","url":"https:\/\/www.joseph-wresinski.org\/it\/wp-content\/uploads\/sites\/16\/2007\/10\/Etre-traites-comme-des-jeunes-et-pas-comme-des-assistes-692x530-692x530.jpg","contentUrl":"https:\/\/www.joseph-wresinski.org\/it\/wp-content\/uploads\/sites\/16\/2007\/10\/Etre-traites-comme-des-jeunes-et-pas-comme-des-assistes-692x530-692x530.jpg","width":692,"height":530},{"@type":"BreadcrumbList","@id":"https:\/\/www.joseph-wresinski.org\/it\/che-faremo-ora-noi-cittadini\/#breadcrumb","itemListElement":[{"@type":"ListItem","position":1,"name":"Home","item":"https:\/\/www.joseph-wresinski.org\/it\/"},{"@type":"ListItem","position":2,"name":"Che faremo ora, noi cittadini?"}]},{"@type":"WebSite","@id":"https:\/\/www.joseph-wresinski.org\/it\/#website","url":"https:\/\/www.joseph-wresinski.org\/it\/","name":"Joseph Wresinski IT","description":"Un sito proposto dal centro joseph wresinski","potentialAction":[{"@type":"SearchAction","target":{"@type":"EntryPoint","urlTemplate":"https:\/\/www.joseph-wresinski.org\/it\/?s={search_term_string}"},"query-input":{"@type":"PropertyValueSpecification","valueRequired":true,"valueName":"search_term_string"}}],"inLanguage":"it-IT"},{"@type":"Person","@id":"https:\/\/www.joseph-wresinski.org\/it\/#\/schema\/person\/c666928d4be7b5b71419e1a78b02d04a","name":"webmestre","image":{"@type":"ImageObject","inLanguage":"it-IT","@id":"https:\/\/secure.gravatar.com\/avatar\/416a097a3f95c03b93462266ddf7a1b5b815e837b340f6b881ae80c56b8c6d56?s=96&d=mm&r=g","url":"https:\/\/secure.gravatar.com\/avatar\/416a097a3f95c03b93462266ddf7a1b5b815e837b340f6b881ae80c56b8c6d56?s=96&d=mm&r=g","contentUrl":"https:\/\/secure.gravatar.com\/avatar\/416a097a3f95c03b93462266ddf7a1b5b815e837b340f6b881ae80c56b8c6d56?s=96&d=mm&r=g","caption":"webmestre"},"url":"https:\/\/www.joseph-wresinski.org\/it\/author\/webmestre\/"}]}},"_links":{"self":[{"href":"https:\/\/www.joseph-wresinski.org\/it\/wp-json\/wp\/v2\/posts\/868","targetHints":{"allow":["GET"]}}],"collection":[{"href":"https:\/\/www.joseph-wresinski.org\/it\/wp-json\/wp\/v2\/posts"}],"about":[{"href":"https:\/\/www.joseph-wresinski.org\/it\/wp-json\/wp\/v2\/types\/post"}],"author":[{"embeddable":true,"href":"https:\/\/www.joseph-wresinski.org\/it\/wp-json\/wp\/v2\/users\/1"}],"replies":[{"embeddable":true,"href":"https:\/\/www.joseph-wresinski.org\/it\/wp-json\/wp\/v2\/comments?post=868"}],"version-history":[{"count":2,"href":"https:\/\/www.joseph-wresinski.org\/it\/wp-json\/wp\/v2\/posts\/868\/revisions"}],"predecessor-version":[{"id":1183,"href":"https:\/\/www.joseph-wresinski.org\/it\/wp-json\/wp\/v2\/posts\/868\/revisions\/1183"}],"wp:featuredmedia":[{"embeddable":true,"href":"https:\/\/www.joseph-wresinski.org\/it\/wp-json\/wp\/v2\/media\/1182"}],"wp:attachment":[{"href":"https:\/\/www.joseph-wresinski.org\/it\/wp-json\/wp\/v2\/media?parent=868"}],"wp:term":[{"taxonomy":"category","embeddable":true,"href":"https:\/\/www.joseph-wresinski.org\/it\/wp-json\/wp\/v2\/categories?post=868"},{"taxonomy":"post_tag","embeddable":true,"href":"https:\/\/www.joseph-wresinski.org\/it\/wp-json\/wp\/v2\/tags?post=868"}],"curies":[{"name":"wp","href":"https:\/\/api.w.org\/{rel}","templated":true}]}}